{"id":9771,"date":"2026-08-31T08:00:00","date_gmt":"2026-08-31T06:00:00","guid":{"rendered":"https:\/\/www.asta.thm.de\/nouvelles\/elections-des-representants-des-etudiants-2026-2027\/"},"modified":"2026-08-31T08:00:16","modified_gmt":"2026-08-31T06:00:16","slug":"elections-des-representants-des-etudiants-2026-2027","status":"publish","type":"post","link":"https:\/\/www.asta.thm.de\/fr\/nouvelles\/elections-des-representants-des-etudiants-2026-2027\/","title":{"rendered":"\u00c9lections des repr\u00e9sentants des \u00e9tudiants 2026\/2027"},"content":{"rendered":"\n<p>Vous trouverez ici toutes les informations importantes sur les \u00e9lections du StuPa et des Fachschaftsr\u00e4te de la THM.<br\/>Vous trouverez <a href=\"https:\/\/go.thm.de\/wahl\" target=\"_blank\" rel=\"noreferrer noopener\">ici<\/a> des informations sur les \u00e9lections du S\u00e9nat, des Fachbereichsr\u00e4te et du Conseil des auxiliaires.<\/p>\n\n<p>Vous trouverez les dates et les d\u00e9lais dans le calendrier \u00e9lectoral, ainsi que les coordonn\u00e9es des personnes \u00e0 contacter pour d\u00e9poser les listes ou d\u00e9poser des recours ou des plaintes.<\/p>\n\n<p>Les candidatures, comme celles pour l&rsquo;\u00e9lection du S\u00e9nat et de la FBR, sont \u00e9galement d\u00e9pos\u00e9es par l&rsquo;interm\u00e9diaire de la direction des \u00e9lections de l&rsquo;universit\u00e9, \u00e0 l&rsquo;<a href=\"mailto:wahlleitung@thm.de\">adresse wahlleitung@thm.de<\/a>. Les candidatures sont soumises \u00e0 l&rsquo;approbation du conseil d&rsquo;administration.<\/p>\n\n<h2 class=\"wp-block-heading\" id=\"mitteilungen-und-beschlusse\">Communications et d\u00e9cisions :<\/h2>\n\n<p><a href=\"https:\/\/www.asta.thm.de\/wp-content\/uploads\/2026\/02\/WahlO_14.10.2025.pdf\" target=\"_blank\" data-type=\"attachment\" data-id=\"8974\" rel=\"noreferrer noopener\">R\u00e8glement \u00e9lectoral de l&rsquo;association des \u00e9tudiants<\/a><\/p>\n\n<div class=\"wp-block-file\"><a id=\"wp-block-file--media-f088701d-d577-4b71-91fb-e8fba6ce7e22\" href=\"https:\/\/www.asta.thm.de\/wp-content\/uploads\/2026\/08\/Wahlkalender_THM-StuPa-2026_v1.pdf\" target=\"_blank\" rel=\"noreferrer noopener\">Calendrier \u00e9lectoral_THM-StuPa-2026_v1_28\/08\/2026<\/a><a href=\"https:\/\/www.asta.thm.de\/wp-content\/uploads\/2026\/08\/Wahlkalender_THM-StuPa-2026_v1.pdf\" class=\"wp-block-file__button wp-element-button\" download=\"\" aria-describedby=\"wp-block-file--media-f088701d-d577-4b71-91fb-e8fba6ce7e22\">T\u00e9l\u00e9charger<\/a><\/div>\n\n<p><strong>Remarque importante : <\/strong>Les listes de candidature ne peuvent \u00eatre d\u00e9pos\u00e9es que sur<br\/>, du lundi 19 octobre 2026 \u00e0 10 h au vendredi 30 octobre 2026 \u00e0 12 h<br\/>(\u00e0 l&rsquo;attention des personnes qui ne consultent pas n\u00e9cessairement directement le calendrier \u00e9lectoral).<\/p>\n\n<div class=\"wp-block-file\"><a id=\"wp-block-file--media-1d6fca09-d55c-450a-8b63-fbd97327986f\" href=\"https:\/\/www.asta.thm.de\/wp-content\/uploads\/2026\/08\/1.Protokoll-2026_signed.pdf\" target=\"_blank\" rel=\"noreferrer noopener\">1. Proc\u00e8s-verbal &#8211; 2026<\/a><a href=\"https:\/\/www.asta.thm.de\/wp-content\/uploads\/2026\/08\/1.Protokoll-2026_signed.pdf\" class=\"wp-block-file__button wp-element-button\" download=\"\" aria-describedby=\"wp-block-file--media-1d6fca09-d55c-450a-8b63-fbd97327986f\">T\u00e9l\u00e9charger<\/a><\/div>\n\n<h2 class=\"wp-block-heading\" id=\"formulare-und-listen\">Formulaires et listes :<\/h2>\n\n<p>Pour pr\u00e9senter une candidature, il faut remplir la liste de candidature.<br\/>Si, pour diverses raisons, il n&rsquo;est pas possible d&rsquo;apposer une signature personnelle sur la liste, celle-ci peut \u00eatre remplac\u00e9e par une d\u00e9claration de consentement. La personne doit n\u00e9anmoins figurer sur la liste avec sa position. <\/p>\n\n<div class=\"wp-block-file\"><a id=\"wp-block-file--media-6b18192b-b915-4257-a889-45e92f501b23\" href=\"https:\/\/www.asta.thm.de\/wp-content\/uploads\/2026\/08\/Wahlvorschlagsliste_2026-27-1.pdf\" target=\"_blank\" rel=\"noreferrer noopener\">Liste des candidats_2026-27<\/a><a href=\"https:\/\/www.asta.thm.de\/wp-content\/uploads\/2026\/08\/Wahlvorschlagsliste_2026-27-1.pdf\" class=\"wp-block-file__button wp-element-button\" download=\"\" aria-describedby=\"wp-block-file--media-6b18192b-b915-4257-a889-45e92f501b23\">T\u00e9l\u00e9charger<\/a><\/div>\n\n<div class=\"wp-block-file\"><a id=\"wp-block-file--media-fac53a3a-1f31-42c4-9d8f-4250a6b8b314\" href=\"https:\/\/www.asta.thm.de\/wp-content\/uploads\/2026\/08\/Einverstaendnis_zum_Wahlantritt_2026-27.pdf\" target=\"_blank\" rel=\"noreferrer noopener\">Consentement_\u00e0_se_pr\u00e9senter_aux_\u00e9lections_2026-27<\/a><a href=\"https:\/\/www.asta.thm.de\/wp-content\/uploads\/2026\/08\/Einverstaendnis_zum_Wahlantritt_2026-27.pdf\" class=\"wp-block-file__button wp-element-button\" download=\"\" aria-describedby=\"wp-block-file--media-fac53a3a-1f31-42c4-9d8f-4250a6b8b314\">T\u00e9l\u00e9charger<\/a><\/div>\n\n<p>Si vous avez des questions, n&rsquo;h\u00e9sitez pas \u00e0 contacter <a href=\"mailto:wahlausschuss@asta.thm.de\">le comit\u00e9 \u00e9lectoral[at]asta.thm.de<\/a><\/p>\n","protected":false},"excerpt":{"rendered":"<p>Vous trouverez ici toutes les informations importantes sur les \u00e9lections du StuPa et des Fachschaftsr\u00e4te de la THM.Vous trouverez ici des informations sur les \u00e9lections du S\u00e9nat, des Fachbereichsr\u00e4te et [&hellip;]<\/p>\n","protected":false},"author":4,"featured_media":8358,"comment_status":"closed","ping_status":"closed","sticky":true,"template":"","format":"standard","meta":{"_et_pb_use_builder":"","_et_pb_old_content":"","_et_gb_content_width":"","footnotes":""},"categories":[19],"tags":[220,219,108,107],"class_list":["post-9771","post","type-post","status-publish","format-standard","has-post-thumbnail","hentry","category-nouvelles","tag-elections","tag-elections-aux-instances-dirigeantes","tag-fsr-fr","tag-stupa-fr"],"post_mailing_queue_ids":[],"_links":{"self":[{"href":"https:\/\/www.asta.thm.de\/fr\/wp-json\/wp\/v2\/posts\/9771","targetHints":{"allow":["GET"]}}],"collection":[{"href":"https:\/\/www.asta.thm.de\/fr\/wp-json\/wp\/v2\/posts"}],"about":[{"href":"https:\/\/www.asta.thm.de\/fr\/wp-json\/wp\/v2\/types\/post"}],"author":[{"embeddable":true,"href":"https:\/\/www.asta.thm.de\/fr\/wp-json\/wp\/v2\/users\/4"}],"replies":[{"embeddable":true,"href":"https:\/\/www.asta.thm.de\/fr\/wp-json\/wp\/v2\/comments?post=9771"}],"version-history":[{"count":1,"href":"https:\/\/www.asta.thm.de\/fr\/wp-json\/wp\/v2\/posts\/9771\/revisions"}],"predecessor-version":[{"id":9772,"href":"https:\/\/www.asta.thm.de\/fr\/wp-json\/wp\/v2\/posts\/9771\/revisions\/9772"}],"wp:featuredmedia":[{"embeddable":true,"href":"https:\/\/www.asta.thm.de\/fr\/wp-json\/wp\/v2\/media\/8358"}],"wp:attachment":[{"href":"https:\/\/www.asta.thm.de\/fr\/wp-json\/wp\/v2\/media?parent=9771"}],"wp:term":[{"taxonomy":"category","embeddable":true,"href":"https:\/\/www.asta.thm.de\/fr\/wp-json\/wp\/v2\/categories?post=9771"},{"taxonomy":"post_tag","embeddable":true,"href":"https:\/\/www.asta.thm.de\/fr\/wp-json\/wp\/v2\/tags?post=9771"}],"curies":[{"name":"wp","href":"https:\/\/api.w.org\/{rel}","templated":true}]}}